{"id":29,"date":"2023-04-24T10:52:08","date_gmt":"2023-04-24T10:52:08","guid":{"rendered":"https:\/\/ministeredelapaix.click\/?p=29"},"modified":"2023-04-24T11:45:48","modified_gmt":"2023-04-24T11:45:48","slug":"les-bonnes-pratiques","status":"publish","type":"post","link":"https:\/\/ministeredelapaix.click\/index.php\/2023\/04\/24\/les-bonnes-pratiques\/","title":{"rendered":"Les bonnes pratiques"},"content":{"rendered":"<div class=\"wp-block-image\">\n<figure class=\"aligncenter size-full\"><img loading=\"lazy\" decoding=\"async\" width=\"615\" height=\"412\" src=\"https:\/\/ministeredelapaix.click\/wp-content\/uploads\/2023\/04\/image-1.png\" alt=\"L'\u00e9quilibre est pr\u00e9caire \" class=\"wp-image-38\" srcset=\"https:\/\/ministeredelapaix.click\/wp-content\/uploads\/2023\/04\/image-1.png 615w, https:\/\/ministeredelapaix.click\/wp-content\/uploads\/2023\/04\/image-1-300x201.png 300w, https:\/\/ministeredelapaix.click\/wp-content\/uploads\/2023\/04\/image-1-480x322.png 480w\" sizes=\"auto, (max-width: 615px) 100vw, 615px\" \/><\/figure>\n<\/div>\n\n\n<p><strong>\u00ab\u00a0Si je me trompe n&rsquo;h\u00e9site pas \u00e0 m&rsquo;interrompre\u00a0\u00bb<\/strong><\/p>\n\n\n\n<p>C&rsquo;est une mani\u00e8re de poser un cadre temporaire. Le cadre poser d\u00e8s le d\u00e9part d&rsquo;une prise de <\/p>\n","protected":false},"excerpt":{"rendered":"<p>\u00ab\u00a0Si je me trompe n&rsquo;h\u00e9site pas \u00e0 m&rsquo;interrompre\u00a0\u00bb C&rsquo;est une mani\u00e8re de poser un cadre temporaire. Le cadre poser d\u00e8s [&hellip;]<\/p>\n","protected":false},"author":1,"featured_media":0,"comment_status":"open","ping_status":"open","sticky":false,"template":"","format":"standard","meta":{"footnotes":""},"categories":[4],"tags":[],"class_list":["post-29","post","type-post","status-publish","format-standard","hentry","category-positif"],"yoast_head":"<!-- This site is optimized with the Yoast SEO plugin v27.5 - https:\/\/yoast.com\/product\/yoast-seo-wordpress\/ -->\n<title>Les bonnes pratiques - Le minist\u00e8re de la paix<\/title>\n<meta name=\"robots\" content=\"index, follow, max-snippet:-1, max-image-preview:large, max-video-preview:-1\" \/>\n<link rel=\"canonical\" href=\"https:\/\/ministeredelapaix.click\/index.php\/2023\/04\/24\/les-bonnes-pratiques\/\" \/>\n<meta property=\"og:locale\" content=\"fr_FR\" \/>\n<meta property=\"og:type\" content=\"article\" \/>\n<meta property=\"og:title\" content=\"Les bonnes pratiques - Le minist\u00e8re de la paix\" \/>\n<meta property=\"og:description\" content=\"\u00ab\u00a0Si je me trompe n&rsquo;h\u00e9site pas \u00e0 m&rsquo;interrompre\u00a0\u00bb C&rsquo;est une mani\u00e8re de poser un cadre temporaire. Le cadre poser d\u00e8s [&hellip;]\" \/>\n<meta property=\"og:url\" content=\"https:\/\/ministeredelapaix.click\/index.php\/2023\/04\/24\/les-bonnes-pratiques\/\" \/>\n<meta property=\"og:site_name\" content=\"Le minist\u00e8re de la paix\" \/>\n<meta property=\"article:published_time\" content=\"2023-04-24T10:52:08+00:00\" \/>\n<meta property=\"article:modified_time\" content=\"2023-04-24T11:45:48+00:00\" \/>\n<meta property=\"og:image\" content=\"https:\/\/ministeredelapaix.click\/wp-content\/uploads\/2023\/04\/image-1.png\" \/>\n<meta name=\"author\" content=\"Mehdi\" \/>\n<meta name=\"twitter:card\" content=\"summary_large_image\" \/>\n<meta name=\"twitter:label1\" content=\"\u00c9crit par\" \/>\n\t<meta name=\"twitter:data1\" content=\"Mehdi\" \/>\n<script type=\"application\/ld+json\" class=\"yoast-schema-graph\">{\"@context\":\"https:\\\/\\\/schema.org\",\"@graph\":[{\"@type\":\"Article\",\"@id\":\"https:\\\/\\\/ministeredelapaix.click\\\/index.php\\\/2023\\\/04\\\/24\\\/les-bonnes-pratiques\\\/#article\",\"isPartOf\":{\"@id\":\"https:\\\/\\\/ministeredelapaix.click\\\/index.php\\\/2023\\\/04\\\/24\\\/les-bonnes-pratiques\\\/\"},\"author\":{\"name\":\"Mehdi\",\"@id\":\"https:\\\/\\\/ministeredelapaix.click\\\/#\\\/schema\\\/person\\\/a6fa57aa97e6e604b1ec820e49b73b47\"},\"headline\":\"Les bonnes pratiques\",\"datePublished\":\"2023-04-24T10:52:08+00:00\",\"dateModified\":\"2023-04-24T11:45:48+00:00\",\"mainEntityOfPage\":{\"@id\":\"https:\\\/\\\/ministeredelapaix.click\\\/index.php\\\/2023\\\/04\\\/24\\\/les-bonnes-pratiques\\\/\"},\"wordCount\":35,\"commentCount\":0,\"image\":{\"@id\":\"https:\\\/\\\/ministeredelapaix.click\\\/index.php\\\/2023\\\/04\\\/24\\\/les-bonnes-pratiques\\\/#primaryimage\"},\"thumbnailUrl\":\"https:\\\/\\\/ministeredelapaix.click\\\/wp-content\\\/uploads\\\/2023\\\/04\\\/image-1.png\",\"articleSection\":[\"Ce qui consolide\"],\"inLanguage\":\"fr-FR\",\"potentialAction\":[{\"@type\":\"CommentAction\",\"name\":\"Comment\",\"target\":[\"https:\\\/\\\/ministeredelapaix.click\\\/index.php\\\/2023\\\/04\\\/24\\\/les-bonnes-pratiques\\\/#respond\"]}]},{\"@type\":\"WebPage\",\"@id\":\"https:\\\/\\\/ministeredelapaix.click\\\/index.php\\\/2023\\\/04\\\/24\\\/les-bonnes-pratiques\\\/\",\"url\":\"https:\\\/\\\/ministeredelapaix.click\\\/index.php\\\/2023\\\/04\\\/24\\\/les-bonnes-pratiques\\\/\",\"name\":\"Les bonnes pratiques - Le minist\u00e8re de la paix\",\"isPartOf\":{\"@id\":\"https:\\\/\\\/ministeredelapaix.click\\\/#website\"},\"primaryImageOfPage\":{\"@id\":\"https:\\\/\\\/ministeredelapaix.click\\\/index.php\\\/2023\\\/04\\\/24\\\/les-bonnes-pratiques\\\/#primaryimage\"},\"image\":{\"@id\":\"https:\\\/\\\/ministeredelapaix.click\\\/index.php\\\/2023\\\/04\\\/24\\\/les-bonnes-pratiques\\\/#primaryimage\"},\"thumbnailUrl\":\"https:\\\/\\\/ministeredelapaix.click\\\/wp-content\\\/uploads\\\/2023\\\/04\\\/image-1.png\",\"datePublished\":\"2023-04-24T10:52:08+00:00\",\"dateModified\":\"2023-04-24T11:45:48+00:00\",\"author\":{\"@id\":\"https:\\\/\\\/ministeredelapaix.click\\\/#\\\/schema\\\/person\\\/a6fa57aa97e6e604b1ec820e49b73b47\"},\"breadcrumb\":{\"@id\":\"https:\\\/\\\/ministeredelapaix.click\\\/index.php\\\/2023\\\/04\\\/24\\\/les-bonnes-pratiques\\\/#breadcrumb\"},\"inLanguage\":\"fr-FR\",\"potentialAction\":[{\"@type\":\"ReadAction\",\"target\":[\"https:\\\/\\\/ministeredelapaix.click\\\/index.php\\\/2023\\\/04\\\/24\\\/les-bonnes-pratiques\\\/\"]}]},{\"@type\":\"ImageObject\",\"inLanguage\":\"fr-FR\",\"@id\":\"https:\\\/\\\/ministeredelapaix.click\\\/index.php\\\/2023\\\/04\\\/24\\\/les-bonnes-pratiques\\\/#primaryimage\",\"url\":\"https:\\\/\\\/ministeredelapaix.click\\\/wp-content\\\/uploads\\\/2023\\\/04\\\/image-1.png\",\"contentUrl\":\"https:\\\/\\\/ministeredelapaix.click\\\/wp-content\\\/uploads\\\/2023\\\/04\\\/image-1.png\",\"width\":615,\"height\":412},{\"@type\":\"BreadcrumbList\",\"@id\":\"https:\\\/\\\/ministeredelapaix.click\\\/index.php\\\/2023\\\/04\\\/24\\\/les-bonnes-pratiques\\\/#breadcrumb\",\"itemListElement\":[{\"@type\":\"ListItem\",\"position\":1,\"name\":\"Accueil\",\"item\":\"https:\\\/\\\/ministeredelapaix.click\\\/\"},{\"@type\":\"ListItem\",\"position\":2,\"name\":\"Les bonnes pratiques\"}]},{\"@type\":\"WebSite\",\"@id\":\"https:\\\/\\\/ministeredelapaix.click\\\/#website\",\"url\":\"https:\\\/\\\/ministeredelapaix.click\\\/\",\"name\":\"Le minist\u00e8re de la paix\",\"description\":\"La libert\u00e9 d&#039;expression s&#039;arr\u00eate \u00e0 celle qu&#039;on ne permet pas\",\"potentialAction\":[{\"@type\":\"SearchAction\",\"target\":{\"@type\":\"EntryPoint\",\"urlTemplate\":\"https:\\\/\\\/ministeredelapaix.click\\\/?s={search_term_string}\"},\"query-input\":{\"@type\":\"PropertyValueSpecification\",\"valueRequired\":true,\"valueName\":\"search_term_string\"}}],\"inLanguage\":\"fr-FR\"},{\"@type\":\"Person\",\"@id\":\"https:\\\/\\\/ministeredelapaix.click\\\/#\\\/schema\\\/person\\\/a6fa57aa97e6e604b1ec820e49b73b47\",\"name\":\"Mehdi\",\"image\":{\"@type\":\"ImageObject\",\"inLanguage\":\"fr-FR\",\"@id\":\"https:\\\/\\\/secure.gravatar.com\\\/avatar\\\/aab4e624537bd64a09bbafb9b220b05c341eb09605d0a8983284d0e73feca438?s=96&d=mm&r=g\",\"url\":\"https:\\\/\\\/secure.gravatar.com\\\/avatar\\\/aab4e624537bd64a09bbafb9b220b05c341eb09605d0a8983284d0e73feca438?s=96&d=mm&r=g\",\"contentUrl\":\"https:\\\/\\\/secure.gravatar.com\\\/avatar\\\/aab4e624537bd64a09bbafb9b220b05c341eb09605d0a8983284d0e73feca438?s=96&d=mm&r=g\",\"caption\":\"Mehdi\"},\"sameAs\":[\"https:\\\/\\\/ministeredelapaix.click\"],\"url\":\"https:\\\/\\\/ministeredelapaix.click\\\/index.php\\\/author\\\/mehdi\\\/\"}]}<\/script>\n<!-- \/ Yoast SEO plugin. -->","yoast_head_json":{"title":"Les bonnes pratiques - Le minist\u00e8re de la paix","robots":{"index":"index","follow":"follow","max-snippet":"max-snippet:-1","max-image-preview":"max-image-preview:large","max-video-preview":"max-video-preview:-1"},"canonical":"https:\/\/ministeredelapaix.click\/index.php\/2023\/04\/24\/les-bonnes-pratiques\/","og_locale":"fr_FR","og_type":"article","og_title":"Les bonnes pratiques - Le minist\u00e8re de la paix","og_description":"\u00ab\u00a0Si je me trompe n&rsquo;h\u00e9site pas \u00e0 m&rsquo;interrompre\u00a0\u00bb C&rsquo;est une mani\u00e8re de poser un cadre temporaire. Le cadre poser d\u00e8s [&hellip;]","og_url":"https:\/\/ministeredelapaix.click\/index.php\/2023\/04\/24\/les-bonnes-pratiques\/","og_site_name":"Le minist\u00e8re de la paix","article_published_time":"2023-04-24T10:52:08+00:00","article_modified_time":"2023-04-24T11:45:48+00:00","og_image":[{"url":"https:\/\/ministeredelapaix.click\/wp-content\/uploads\/2023\/04\/image-1.png","type":"","width":"","height":""}],"author":"Mehdi","twitter_card":"summary_large_image","twitter_misc":{"\u00c9crit par":"Mehdi"},"schema":{"@context":"https:\/\/schema.org","@graph":[{"@type":"Article","@id":"https:\/\/ministeredelapaix.click\/index.php\/2023\/04\/24\/les-bonnes-pratiques\/#article","isPartOf":{"@id":"https:\/\/ministeredelapaix.click\/index.php\/2023\/04\/24\/les-bonnes-pratiques\/"},"author":{"name":"Mehdi","@id":"https:\/\/ministeredelapaix.click\/#\/schema\/person\/a6fa57aa97e6e604b1ec820e49b73b47"},"headline":"Les bonnes pratiques","datePublished":"2023-04-24T10:52:08+00:00","dateModified":"2023-04-24T11:45:48+00:00","mainEntityOfPage":{"@id":"https:\/\/ministeredelapaix.click\/index.php\/2023\/04\/24\/les-bonnes-pratiques\/"},"wordCount":35,"commentCount":0,"image":{"@id":"https:\/\/ministeredelapaix.click\/index.php\/2023\/04\/24\/les-bonnes-pratiques\/#primaryimage"},"thumbnailUrl":"https:\/\/ministeredelapaix.click\/wp-content\/uploads\/2023\/04\/image-1.png","articleSection":["Ce qui consolide"],"inLanguage":"fr-FR","potentialAction":[{"@type":"CommentAction","name":"Comment","target":["https:\/\/ministeredelapaix.click\/index.php\/2023\/04\/24\/les-bonnes-pratiques\/#respond"]}]},{"@type":"WebPage","@id":"https:\/\/ministeredelapaix.click\/index.php\/2023\/04\/24\/les-bonnes-pratiques\/","url":"https:\/\/ministeredelapaix.click\/index.php\/2023\/04\/24\/les-bonnes-pratiques\/","name":"Les bonnes pratiques - Le minist\u00e8re de la paix","isPartOf":{"@id":"https:\/\/ministeredelapaix.click\/#website"},"primaryImageOfPage":{"@id":"https:\/\/ministeredelapaix.click\/index.php\/2023\/04\/24\/les-bonnes-pratiques\/#primaryimage"},"image":{"@id":"https:\/\/ministeredelapaix.click\/index.php\/2023\/04\/24\/les-bonnes-pratiques\/#primaryimage"},"thumbnailUrl":"https:\/\/ministeredelapaix.click\/wp-content\/uploads\/2023\/04\/image-1.png","datePublished":"2023-04-24T10:52:08+00:00","dateModified":"2023-04-24T11:45:48+00:00","author":{"@id":"https:\/\/ministeredelapaix.click\/#\/schema\/person\/a6fa57aa97e6e604b1ec820e49b73b47"},"breadcrumb":{"@id":"https:\/\/ministeredelapaix.click\/index.php\/2023\/04\/24\/les-bonnes-pratiques\/#breadcrumb"},"inLanguage":"fr-FR","potentialAction":[{"@type":"ReadAction","target":["https:\/\/ministeredelapaix.click\/index.php\/2023\/04\/24\/les-bonnes-pratiques\/"]}]},{"@type":"ImageObject","inLanguage":"fr-FR","@id":"https:\/\/ministeredelapaix.click\/index.php\/2023\/04\/24\/les-bonnes-pratiques\/#primaryimage","url":"https:\/\/ministeredelapaix.click\/wp-content\/uploads\/2023\/04\/image-1.png","contentUrl":"https:\/\/ministeredelapaix.click\/wp-content\/uploads\/2023\/04\/image-1.png","width":615,"height":412},{"@type":"BreadcrumbList","@id":"https:\/\/ministeredelapaix.click\/index.php\/2023\/04\/24\/les-bonnes-pratiques\/#breadcrumb","itemListElement":[{"@type":"ListItem","position":1,"name":"Accueil","item":"https:\/\/ministeredelapaix.click\/"},{"@type":"ListItem","position":2,"name":"Les bonnes pratiques"}]},{"@type":"WebSite","@id":"https:\/\/ministeredelapaix.click\/#website","url":"https:\/\/ministeredelapaix.click\/","name":"Le minist\u00e8re de la paix","description":"La libert\u00e9 d&#039;expression s&#039;arr\u00eate \u00e0 celle qu&#039;on ne permet pas","potentialAction":[{"@type":"SearchAction","target":{"@type":"EntryPoint","urlTemplate":"https:\/\/ministeredelapaix.click\/?s={search_term_string}"},"query-input":{"@type":"PropertyValueSpecification","valueRequired":true,"valueName":"search_term_string"}}],"inLanguage":"fr-FR"},{"@type":"Person","@id":"https:\/\/ministeredelapaix.click\/#\/schema\/person\/a6fa57aa97e6e604b1ec820e49b73b47","name":"Mehdi","image":{"@type":"ImageObject","inLanguage":"fr-FR","@id":"https:\/\/secure.gravatar.com\/avatar\/aab4e624537bd64a09bbafb9b220b05c341eb09605d0a8983284d0e73feca438?s=96&d=mm&r=g","url":"https:\/\/secure.gravatar.com\/avatar\/aab4e624537bd64a09bbafb9b220b05c341eb09605d0a8983284d0e73feca438?s=96&d=mm&r=g","contentUrl":"https:\/\/secure.gravatar.com\/avatar\/aab4e624537bd64a09bbafb9b220b05c341eb09605d0a8983284d0e73feca438?s=96&d=mm&r=g","caption":"Mehdi"},"sameAs":["https:\/\/ministeredelapaix.click"],"url":"https:\/\/ministeredelapaix.click\/index.php\/author\/mehdi\/"}]}},"_links":{"self":[{"href":"https:\/\/ministeredelapaix.click\/index.php\/wp-json\/wp\/v2\/posts\/29","targetHints":{"allow":["GET"]}}],"collection":[{"href":"https:\/\/ministeredelapaix.click\/index.php\/wp-json\/wp\/v2\/posts"}],"about":[{"href":"https:\/\/ministeredelapaix.click\/index.php\/wp-json\/wp\/v2\/types\/post"}],"author":[{"embeddable":true,"href":"https:\/\/ministeredelapaix.click\/index.php\/wp-json\/wp\/v2\/users\/1"}],"replies":[{"embeddable":true,"href":"https:\/\/ministeredelapaix.click\/index.php\/wp-json\/wp\/v2\/comments?post=29"}],"version-history":[{"count":5,"href":"https:\/\/ministeredelapaix.click\/index.php\/wp-json\/wp\/v2\/posts\/29\/revisions"}],"predecessor-version":[{"id":41,"href":"https:\/\/ministeredelapaix.click\/index.php\/wp-json\/wp\/v2\/posts\/29\/revisions\/41"}],"wp:attachment":[{"href":"https:\/\/ministeredelapaix.click\/index.php\/wp-json\/wp\/v2\/media?parent=29"}],"wp:term":[{"taxonomy":"category","embeddable":true,"href":"https:\/\/ministeredelapaix.click\/index.php\/wp-json\/wp\/v2\/categories?post=29"},{"taxonomy":"post_tag","embeddable":true,"href":"https:\/\/ministeredelapaix.click\/index.php\/wp-json\/wp\/v2\/tags?post=29"}],"curies":[{"name":"wp","href":"https:\/\/api.w.org\/{rel}","templated":true}]}}